{"id":1479,"date":"2026-08-31T09:02:25","date_gmt":"2026-08-31T12:02:25","guid":{"rendered":"https:\/\/www.jetferr.com.br\/blog\/?p=1479"},"modified":"2026-08-31T09:04:40","modified_gmt":"2026-08-31T12:04:40","slug":"organizador-de-freezer-como-aproveitar-melhor-o-espaco-interno","status":"publish","type":"post","link":"https:\/\/www.jetferr.com.br\/blog\/organizador-de-freezer\/organizador-de-freezer-como-aproveitar-melhor-o-espaco-interno\/","title":{"rendered":"Organizador de freezer: como aproveitar melhor o espa\u00e7o interno"},"content":{"rendered":"<span class=\"span-reading-time rt-reading-time\" style=\"display: block;\"><span class=\"rt-label rt-prefix\">Tempo de leitura: <\/span> <span class=\"rt-time\"> 4<\/span> <span class=\"rt-label rt-postfix\">minutos<\/span><\/span>\n<p class=\"has-medium-font-size wp-block-paragraph\"><strong><em>Organizador de freezer certo eleva a capacidade \u00fatil, reduz perdas e agiliza o giro. Veja como escolher o seu.<\/em><\/strong><\/p>\n\n\n\n<p class=\"wp-block-paragraph\">Freezer lotado \u00e9 sin\u00f4nimo de produto perdido, tempo desperdi\u00e7ado e opera\u00e7\u00e3o travada. Quem j\u00e1 revirou uma c\u00e2mara fria atr\u00e1s de um item espec\u00edfico sabe o custo real da desorganiza\u00e7\u00e3o.<\/p>\n\n\n\n<p class=\"wp-block-paragraph\">Um <strong>organizador de freezer<\/strong> bem planejado resolve isso na raiz. Ele transforma um espa\u00e7o confuso em um sistema com lugar certo para cada categoria de alimento.<\/p>\n\n\n\n<p class=\"wp-block-paragraph\">Neste conte\u00fado, voc\u00ea vai entender como estruturar esse sistema, quais materiais realmente aguentam o rigor da baixa temperatura e como acess\u00f3rios aramados elevam a produtividade da sua opera\u00e7\u00e3o.<\/p>\n\n\n\n<div id=\"ez-toc-container\" class=\"ez-toc-v2_0_85 counter-hierarchy ez-toc-counter ez-toc-grey ez-toc-container-direction\">\n<div class=\"ez-toc-title-container\">\n<p class=\"ez-toc-title\" style=\"cursor:inherit\">T\u00f3picos do artigo<\/p>\n<span class=\"ez-toc-title-toggle\"><a href=\"#\" class=\"ez-toc-pull-right ez-toc-btn ez-toc-btn-xs ez-toc-btn-default ez-toc-toggle\" aria-label=\"Alternar tabela de conte\u00fado\"><span class=\"ez-toc-js-icon-con\"><span class=\"\"><span class=\"eztoc-hide\" style=\"display:none;\">Toggle<\/span><span class=\"ez-toc-icon-toggle-span\"><svg style=\"fill: #999;color:#999\" xmlns=\"http:\/\/www.w3.org\/2000\/svg\" class=\"list-377408\" width=\"20px\" height=\"20px\" viewBox=\"0 0 24 24\" fill=\"none\"><path d=\"M6 6H4v2h2V6zm14 0H8v2h12V6zM4 11h2v2H4v-2zm16 0H8v2h12v-2zM4 16h2v2H4v-2zm16 0H8v2h12v-2z\" fill=\"currentColor\"><\/path><\/svg><svg style=\"fill: #999;color:#999\" class=\"arrow-unsorted-368013\" xmlns=\"http:\/\/www.w3.org\/2000\/svg\" width=\"10px\" height=\"10px\" viewBox=\"0 0 24 24\" version=\"1.2\" baseProfile=\"tiny\"><path d=\"M18.2 9.3l-6.2-6.3-6.2 6.3c-.2.2-.3.4-.3.7s.1.5.3.7c.2.2.4.3.7.3h11c.3 0 .5-.1.7-.3.2-.2.3-.5.3-.7s-.1-.5-.3-.7zM5.8 14.7l6.2 6.3 6.2-6.3c.2-.2.3-.5.3-.7s-.1-.5-.3-.7c-.2-.2-.4-.3-.7-.3h-11c-.3 0-.5.1-.7.3-.2.2-.3.5-.3.7s.1.5.3.7z\"\/><\/svg><\/span><\/span><\/span><\/a><\/span><\/div>\n<nav><ul class='ez-toc-list ez-toc-list-level-1 ' ><li class='ez-toc-page-1 ez-toc-heading-level-2'><a class=\"ez-toc-link ez-toc-heading-1\" href=\"https:\/\/www.jetferr.com.br\/blog\/organizador-de-freezer\/organizador-de-freezer-como-aproveitar-melhor-o-espaco-interno\/#Por_que_investir_em_um_organizador_de_freezer_no_negocio\" >Por que investir em um organizador de freezer no neg\u00f3cio<\/a><\/li><li class='ez-toc-page-1 ez-toc-heading-level-2'><a class=\"ez-toc-link ez-toc-heading-2\" href=\"https:\/\/www.jetferr.com.br\/blog\/organizador-de-freezer\/organizador-de-freezer-como-aproveitar-melhor-o-espaco-interno\/#Cestos_e_grades_a_base_de_um_organizador_de_freezer_eficiente\" >Cestos e grades: a base de um organizador de freezer eficiente<\/a><ul class='ez-toc-list-level-3' ><li class='ez-toc-heading-level-3'><a class=\"ez-toc-link ez-toc-heading-3\" href=\"https:\/\/www.jetferr.com.br\/blog\/organizador-de-freezer\/organizador-de-freezer-como-aproveitar-melhor-o-espaco-interno\/#Como_organizar_um_freezer_horizontal_com_organizador_de_freezer\" >Como organizar um freezer horizontal com organizador de freezer<\/a><\/li><\/ul><\/li><li class='ez-toc-page-1 ez-toc-heading-level-2'><a class=\"ez-toc-link ez-toc-heading-4\" href=\"https:\/\/www.jetferr.com.br\/blog\/organizador-de-freezer\/organizador-de-freezer-como-aproveitar-melhor-o-espaco-interno\/#Quais_materiais_suportam_melhor_o_uso_constante_em_baixa_temperatura\" >Quais materiais suportam melhor o uso constante em baixa temperatura<\/a><\/li><li class='ez-toc-page-1 ez-toc-heading-level-2'><a class=\"ez-toc-link ez-toc-heading-5\" href=\"https:\/\/www.jetferr.com.br\/blog\/organizador-de-freezer\/organizador-de-freezer-como-aproveitar-melhor-o-espaco-interno\/#Organizador_de_freezer_para_supermercados_e_frigorificos\" >Organizador de freezer para supermercados e frigor\u00edficos<\/a><\/li><li class='ez-toc-page-1 ez-toc-heading-level-2'><a class=\"ez-toc-link ez-toc-heading-6\" href=\"https:\/\/www.jetferr.com.br\/blog\/organizador-de-freezer\/organizador-de-freezer-como-aproveitar-melhor-o-espaco-interno\/#Erros_comuns_na_organizacao_de_freezers_comerciais\" >Erros comuns na organiza\u00e7\u00e3o de freezers comerciais<\/a><\/li><li class='ez-toc-page-1 ez-toc-heading-level-2'><a class=\"ez-toc-link ez-toc-heading-7\" href=\"https:\/\/www.jetferr.com.br\/blog\/organizador-de-freezer\/organizador-de-freezer-como-aproveitar-melhor-o-espaco-interno\/#Perguntas_frequentes_sobre_organizador_de_freezer\" >Perguntas frequentes sobre organizador de freezer<\/a><\/li><li class='ez-toc-page-1 ez-toc-heading-level-2'><a class=\"ez-toc-link ez-toc-heading-8\" href=\"https:\/\/www.jetferr.com.br\/blog\/organizador-de-freezer\/organizador-de-freezer-como-aproveitar-melhor-o-espaco-interno\/#Organize_seu_freezer_e_ganhe_espaco_de_verdade\" >Organize seu freezer e ganhe espa\u00e7o de verdade<\/a><\/li><\/ul><\/nav><\/div>\n<h2 class=\"wp-block-heading\"><span class=\"ez-toc-section\" id=\"Por_que_investir_em_um_organizador_de_freezer_no_negocio\"><\/span><strong>Por que investir em um organizador de freezer no neg\u00f3cio<\/strong><span class=\"ez-toc-section-end\"><\/span><\/h2>\n\n\n\n<p class=\"wp-block-paragraph\">Supermercados, restaurantes e cozinhas industriais convivem com <strong>giro intenso de produtos congelados<\/strong>. Sem organiza\u00e7\u00e3o, esse fluxo vira gargalo.<\/p>\n\n\n\n<p class=\"wp-block-paragraph\">Um levantamento da <a href=\"https:\/\/www.fao.org\/food-loss-and-waste-in-fisheries\">FAO sobre perdas de alimentos<\/a> refor\u00e7a que falhas de armazenamento est\u00e3o entre as principais causas de desperd\u00edcio na cadeia alimentar. A desorganiza\u00e7\u00e3o interna \u00e9 uma delas.<\/p>\n\n\n\n<p class=\"wp-block-paragraph\">Quando o <strong>organizador de freezer<\/strong> \u00e9 bem definido, a equipe encontra o produto sem remexer o estoque inteiro. Isso reduz a exposi\u00e7\u00e3o do alimento \u00e0 varia\u00e7\u00e3o de temperatura.<\/p>\n\n\n\n<p class=\"wp-block-paragraph\">Menos manuseio significa <strong>menor risco de ruptura da cadeia de frio<\/strong>. E isso impacta diretamente na validade e na seguran\u00e7a alimentar do que \u00e9 servido ou vendido.<\/p>\n\n\n\n<p class=\"wp-block-paragraph\">Al\u00e9m do ganho operacional, existe o ganho de espa\u00e7o. Um freezer bem dividido comporta mais produto no mesmo volume f\u00edsico, sem empilhamento arriscado.<\/p>\n\n\n\n<h2 class=\"wp-block-heading\"><span class=\"ez-toc-section\" id=\"Cestos_e_grades_a_base_de_um_organizador_de_freezer_eficiente\"><\/span><strong>Cestos e grades: a base de um organizador de freezer eficiente<\/strong><span class=\"ez-toc-section-end\"><\/span><\/h2>\n\n\n\n<p class=\"wp-block-paragraph\">O primeiro passo para organizar um freezer \u00e9 escolher os acess\u00f3rios certos. <strong>Cestos e grades aramadas<\/strong> criam divis\u00f5es reais dentro do equipamento.<\/p>\n\n\n\n<p class=\"wp-block-paragraph\">Os cestos permitem separar por categoria, lote ou validade. J\u00e1 as grades funcionam como prateleiras internas, aproveitando a altura que normalmente fica subutilizada.<\/p>\n\n\n\n<p class=\"wp-block-paragraph\">Alguns pontos importantes na escolha:<\/p>\n\n\n\n<ul class=\"wp-block-list\">\n<li><strong>Cestos horizontais com divis\u00f3ria<\/strong>, indicados para freezers tipo ilha ou balc\u00e3o, ideais para congelados variados.<\/li>\n\n\n\n<li><strong>Cestos verticais<\/strong>, pr\u00f3prios para freezers de porta, otimizando o acesso frontal aos produtos.<\/li>\n\n\n\n<li><strong>Grades prateleiras<\/strong>, que aproveitam o espa\u00e7o vertical em c\u00e2maras e freezers de maior porte.<\/li>\n<\/ul>\n\n\n\n<p class=\"wp-block-paragraph\">A Jetferr desenvolve uma linha completa de <a href=\"https:\/\/www.jetferr.com.br\/cesto-para-freezer\">cestos para freezer<\/a> com op\u00e7\u00f5es de divis\u00f3rias m\u00f3veis ou fixas, pensadas para diferentes formatos de equipamento.<\/p>\n\n\n\n<p class=\"wp-block-paragraph\">H\u00e1 tamb\u00e9m modelos espec\u00edficos para ilhas de congelados, com at\u00e9 quatro divis\u00f3rias internas. Essa configura\u00e7\u00e3o \u00e9 comum em supermercados com grande variedade de SKUs.<\/p>\n\n\n\n<h3 class=\"wp-block-heading\"><span class=\"ez-toc-section\" id=\"Como_organizar_um_freezer_horizontal_com_organizador_de_freezer\"><\/span><strong>Como organizar um freezer horizontal com organizador de freezer<\/strong><span class=\"ez-toc-section-end\"><\/span><\/h3>\n\n\n\n<p class=\"wp-block-paragraph\">Freezers horizontais concentram um desafio cl\u00e1ssico: produtos no fundo ficam esquecidos. O <strong>organizador de freezer<\/strong> ideal aqui usa cestos a\u00e9reos suspensos.<\/p>\n\n\n\n<p class=\"wp-block-paragraph\">Esses cestos ficam posicionados pr\u00f3ximos \u00e0 abertura, liberando a parte inferior para itens de menor giro. Isso cria dois n\u00edveis de acesso dentro do mesmo equipamento.<\/p>\n\n\n\n<p class=\"wp-block-paragraph\">Com divis\u00f3rias internas, d\u00e1 para separar carnes, latic\u00ednios congelados e sobremesas sem misturar categorias. O acesso fica mais r\u00e1pido e o controle de estoque, mais preciso.<\/p>\n\n\n\n<ul class=\"wp-block-list\">\n<li><a href=\"https:\/\/www.jetferr.com.br\/blog\/aramados\/fabricante-de-cesto-aramado-organizador-em-sao-paulo\/\">Fabricante de cesto aramado organizador em S\u00e3o Paulo<\/a><\/li>\n<\/ul>\n\n\n\n<h2 class=\"wp-block-heading\"><span class=\"ez-toc-section\" id=\"Quais_materiais_suportam_melhor_o_uso_constante_em_baixa_temperatura\"><\/span><strong>Quais materiais suportam melhor o uso constante em baixa temperatura<\/strong><span class=\"ez-toc-section-end\"><\/span><\/h2>\n\n\n\n<p class=\"wp-block-paragraph\">Nem todo aramado resiste bem ao ambiente de um freezer comercial. A escolha do material impacta diretamente a vida \u00fatil do <strong>organizador de freezer<\/strong>.<\/p>\n\n\n\n<p class=\"wp-block-paragraph\"><strong>A\u00e7o carbono<\/strong> com tratamento superficial \u00e9 uma op\u00e7\u00e3o comum para uso comercial, com bom custo-benef\u00edcio em opera\u00e7\u00f5es de menor exig\u00eancia sanit\u00e1ria.<\/p>\n\n\n\n<p class=\"wp-block-paragraph\">J\u00e1 o <strong>a\u00e7o inox 304<\/strong> \u00e9 indicado para ambientes com exig\u00eancia sanit\u00e1ria mais r\u00edgida, como frigor\u00edficos e ind\u00fastria aliment\u00edcia, por sua resist\u00eancia \u00e0 corros\u00e3o.<\/p>\n\n\n\n<p class=\"wp-block-paragraph\">A Jetferr trabalha com <a href=\"https:\/\/www.jetferr.com.br\/aramados-aco-inox\">aramados em a\u00e7o inox<\/a> para aplica\u00e7\u00f5es que exigem maior padr\u00e3o de higieniza\u00e7\u00e3o e durabilidade prolongada.<\/p>\n\n\n\n<p class=\"wp-block-paragraph\">Segundo dados da Associa\u00e7\u00e3o Brasileira da Ind\u00fastria de M\u00e1quinas e Equipamentos (Abimaq), equipamentos com melhor especifica\u00e7\u00e3o de material reduzem custo de manuten\u00e7\u00e3o ao longo do ciclo de uso.<\/p>\n\n\n\n<ul class=\"wp-block-list\">\n<li><a href=\"https:\/\/www.jetferr.com.br\/blog\/aramados-para-freezer\/cestos-aramados-para-freezer-como-a-organizacao-impacta-as-vendas\/\">Cestos aramados para freezer: como a organiza\u00e7\u00e3o impacta as vendas<\/a><\/li>\n<\/ul>\n\n\n\n<h2 class=\"wp-block-heading\"><span class=\"ez-toc-section\" id=\"Organizador_de_freezer_para_supermercados_e_frigorificos\"><\/span><strong>Organizador de freezer para supermercados e frigor\u00edficos<\/strong><span class=\"ez-toc-section-end\"><\/span><\/h2>\n\n\n\n<p class=\"wp-block-paragraph\">Cada segmento tem uma demanda diferente para o <strong>organizador de freezer<\/strong>. Supermercados priorizam exposi\u00e7\u00e3o e giro r\u00e1pido. Frigor\u00edficos, volume e resist\u00eancia.<\/p>\n\n\n\n<p class=\"wp-block-paragraph\">Para supermercados, o <a href=\"https:\/\/www.jetferr.com.br\/expositor-porta-preco-para-freezer\">expositor porta pre\u00e7o para freezer<\/a> une organiza\u00e7\u00e3o interna com comunica\u00e7\u00e3o visual, facilitando a precifica\u00e7\u00e3o dos itens congelados.<\/p>\n\n\n\n<p class=\"wp-block-paragraph\">J\u00e1 opera\u00e7\u00f5es de maior escala, como frigor\u00edficos e distribuidoras, costumam demandar <a href=\"https:\/\/www.jetferr.com.br\/grade-para-freezer\">grades para freezer<\/a> mais robustas, capazes de suportar peso elevado sem deformar.<\/p>\n\n\n\n<figure class=\"wp-block-table\"><table class=\"has-fixed-layout\"><tbody><tr><td><strong>Segmento<\/strong><\/td><td><strong>Necessidade principal<\/strong><\/td><td><strong>Solu\u00e7\u00e3o recomendada<\/strong><\/td><\/tr><tr><td>Supermercado<\/td><td>Exposi\u00e7\u00e3o e precifica\u00e7\u00e3o<\/td><td>Expositor porta pre\u00e7o<\/td><\/tr><tr><td>Restaurante<\/td><td>Acesso r\u00e1pido por categoria<\/td><td>Cesto com divis\u00f3ria<\/td><\/tr><tr><td>Frigor\u00edfico<\/td><td>Resist\u00eancia e volume<\/td><td>Grade em a\u00e7o inox 304<\/td><\/tr><\/tbody><\/table><\/figure>\n\n\n\n<h2 class=\"wp-block-heading\"><span class=\"ez-toc-section\" id=\"Erros_comuns_na_organizacao_de_freezers_comerciais\"><\/span><strong>Erros comuns na organiza\u00e7\u00e3o de freezers comerciais<\/strong><span class=\"ez-toc-section-end\"><\/span><\/h2>\n\n\n\n<p class=\"wp-block-paragraph\">Alguns h\u00e1bitos comprometem qualquer tentativa de <strong>organizador de freezer<\/strong>, mesmo com bons acess\u00f3rios instalados. Vale mapear os mais frequentes.<\/p>\n\n\n\n<ul class=\"wp-block-list\">\n<li>Empilhar produtos sem separa\u00e7\u00e3o por categoria, dificultando o controle de validade.<\/li>\n\n\n\n<li>Ignorar o espa\u00e7o vertical dispon\u00edvel, subutilizando a capacidade real do equipamento.<\/li>\n\n\n\n<li>Usar cestos ou grades de material inadequado, que enferrujam ou deformam com o tempo.<\/li>\n<\/ul>\n\n\n\n<p class=\"wp-block-paragraph\">Corrigir esses pontos costuma exigir pouco investimento e traz retorno r\u00e1pido em produtividade e redu\u00e7\u00e3o de perdas.<\/p>\n\n\n\n<h2 class=\"wp-block-heading\"><span class=\"ez-toc-section\" id=\"Perguntas_frequentes_sobre_organizador_de_freezer\"><\/span><strong>Perguntas frequentes sobre organizador de freezer<\/strong><span class=\"ez-toc-section-end\"><\/span><\/h2>\n\n\n\n<p class=\"wp-block-paragraph\"><strong>Qual o melhor organizador de freezer para pequenos espa\u00e7os?<\/strong> Cestos empilh\u00e1veis com divis\u00f3ria interna costumam ser a op\u00e7\u00e3o mais eficiente para freezers compactos ou de menor volume.<\/p>\n\n\n\n<p class=\"wp-block-paragraph\"><strong>Cesto ou grade, qual escolher primeiro?<\/strong> Depende do formato do freezer. Horizontais pedem cestos; verticais e c\u00e2maras se beneficiam mais de grades prateleiras.<\/p>\n\n\n\n<p class=\"wp-block-paragraph\"><strong>A\u00e7o inox vale o investimento em qualquer freezer?<\/strong> Vale principalmente em ambientes com exig\u00eancia sanit\u00e1ria alta, como frigor\u00edficos, onde a resist\u00eancia \u00e0 corros\u00e3o reduz trocas frequentes.<\/p>\n\n\n\n<p class=\"wp-block-paragraph\"><strong>D\u00e1 para personalizar o tamanho dos cestos?<\/strong> Sim, fabricantes especializados produzem sob medida, ajustando dimens\u00f5es ao equipamento existente no estabelecimento.<\/p>\n\n\n\n<p class=\"wp-block-paragraph\"><strong>Organizador de freezer reduz desperd\u00edcio de alimentos?<\/strong> Sim, ao facilitar o controle de validade e reduzir o tempo de porta aberta durante a busca por produtos.<\/p>\n\n\n\n<h2 class=\"wp-block-heading\"><span class=\"ez-toc-section\" id=\"Organize_seu_freezer_e_ganhe_espaco_de_verdade\"><\/span><strong>Organize seu freezer e ganhe espa\u00e7o de verdade<\/strong><span class=\"ez-toc-section-end\"><\/span><\/h2>\n\n\n\n<p class=\"wp-block-paragraph\">Um <strong>organizador de freezer<\/strong> bem planejado n\u00e3o \u00e9 luxo operacional, \u00e9 ferramenta de efici\u00eancia. Ele economiza tempo, preserva produto e organiza o fluxo de trabalho da equipe.<\/p>\n\n\n\n<p class=\"wp-block-paragraph\">Cestos, grades e expositores aramados, quando escolhidos com o material certo, sustentam esse sistema por muito mais tempo sem perder desempenho.<\/p>\n\n\n\n<p class=\"wp-block-paragraph\">Se sua opera\u00e7\u00e3o ainda sofre com espa\u00e7o mal aproveitado, conhe\u00e7a as solu\u00e7\u00f5es sob medida da Jetferr e <a href=\"https:\/\/www.jetferr.com.br\/contato\">solicite um or\u00e7amento personalizado<\/a> para o seu neg\u00f3cio.<\/p>\n\n\n\n<p class=\"wp-block-paragraph\"><\/p>\n","protected":false},"excerpt":{"rendered":"<p><span class=\"span-reading-time rt-reading-time\" style=\"display: block;\"><span class=\"rt-label rt-prefix\">Tempo de leitura: <\/span> <span class=\"rt-time\"> 4<\/span> <span class=\"rt-label rt-postfix\">minutos<\/span><\/span>Organizador de freezer certo eleva a capacidade \u00fatil, reduz perdas e agiliza o giro. Veja como escolher o seu. Freezer lotado \u00e9 sin\u00f4nimo de produto perdido, tempo desperdi\u00e7ado e opera\u00e7\u00e3o travada. Quem j\u00e1 revirou uma c\u00e2mara fria atr\u00e1s de um item espec\u00edfico sabe o custo real da desorganiza\u00e7\u00e3o. Um organizador de freezer bem planejado resolve &hellip; <\/p>\n","protected":false},"author":1,"featured_media":1480,"comment_status":"open","ping_status":"open","sticky":false,"template":"","format":"standard","meta":{"_lmt_disableupdate":"","_lmt_disable":"","footnotes":""},"categories":[12521],"tags":[12520,12504,12505,12404,12498,9919,12508,9032,9915,9914,12519,12515,184,12499,12500,12510,12511,12516,12518,12506,143,797,12517,10407,12513,12503,578,12512,12502,10430,11884,12501,12514,12509,12507],"class_list":["post-1479","post","type-post","status-publish","format-standard","has-post-thumbnail","hentry","category-organizador-de-freezer","tag-aco-inox-304-vale-a-pena-em-freezer","tag-aramados-em-aco-inox-para-freezer","tag-aramados-para-armazenamento-de-congelados","tag-aramados-para-refrigeracao-industrial","tag-cesto-aramado-para-congelados","tag-cesto-com-divisoria-para-freezer","tag-cesto-de-freezer-resiste-a-baixa-temperatura","tag-cesto-empilhavel-para-freezer","tag-cesto-para-freezer","tag-cesto-para-freezer-horizontal","tag-cesto-para-freezer-horizontal-com-divisoria-existe","tag-cesto-para-freezer-pode-ser-sob-medida","tag-cesto-para-freezer-sob-medida","tag-cesto-para-freezer-vertical","tag-cesto-para-ilha-de-congelados","tag-como-aproveitar-espaco-em-freezer-pequeno","tag-como-dividir-freezer-por-categoria-de-produto","tag-como-evitar-desperdicio-de-alimentos-congelados","tag-como-organizar-camara-fria-de-frigorifico","tag-como-organizar-um-freezer-horizontal","tag-expositor-para-freezer","tag-expositor-porta-preco-para-freezer","tag-freezer-de-supermercado-precisa-de-expositor-de-preco","tag-grade-para-freezer","tag-grade-para-freezer-aguenta-quanto-peso","tag-grade-para-frigorifico","tag-grade-prateleira-para-freezer","tag-onde-comprar-cesto-para-freezer-industrial","tag-organizacao-de-camara-fria","tag-organizacao-de-freezer-comercial","tag-organizador-de-freezer","tag-organizador-de-freezer-para-supermercado","tag-qual-a-diferenca-entre-cesto-e-grade-para-freezer","tag-qual-material-dura-mais-em-freezer-comercial","tag-qual-o-melhor-cesto-para-freezer","latest_post"],"yoast_head":"<!-- This site is optimized with the Yoast SEO plugin v28.1 - https:\/\/yoast.com\/product\/yoast-seo-wordpress\/ -->\n<title>Organizador de freezer: como aproveitar melhor o espa\u00e7o interno<\/title>\n<meta name=\"description\" content=\"Organizador de freezer certo eleva a capacidade \u00fatil, reduz perdas e agiliza o giro. Veja como escolher o seu.\" \/>\n<meta name=\"robots\" content=\"index, follow, max-snippet:-1, max-image-preview:large, max-video-preview:-1\" \/>\n<link rel=\"canonical\" href=\"https:\/\/www.jetferr.com.br\/blog\/organizador-de-freezer\/organizador-de-freezer-como-aproveitar-melhor-o-espaco-interno\/\" \/>\n<meta property=\"og:locale\" content=\"pt_BR\" \/>\n<meta property=\"og:type\" content=\"article\" \/>\n<meta property=\"og:title\" content=\"Organizador de freezer: como aproveitar melhor o espa\u00e7o interno\" \/>\n<meta property=\"og:description\" content=\"Organizador de freezer certo eleva a capacidade \u00fatil, reduz perdas e agiliza o giro. Veja como escolher o seu.\" \/>\n<meta property=\"og:url\" content=\"https:\/\/www.jetferr.com.br\/blog\/organizador-de-freezer\/organizador-de-freezer-como-aproveitar-melhor-o-espaco-interno\/\" \/>\n<meta property=\"og:site_name\" content=\"Jetferr\" \/>\n<meta property=\"article:published_time\" content=\"2026-08-31T12:02:25+00:00\" \/>\n<meta property=\"article:modified_time\" content=\"2026-08-31T12:04:40+00:00\" \/>\n<meta property=\"og:image\" content=\"https:\/\/www.jetferr.com.br\/blog\/wp-content\/uploads\/2026\/08\/ChatGPT-Image-31-de-ago.-de-2026-09_01_50.jpg\" \/>\n\t<meta property=\"og:image:width\" content=\"1672\" \/>\n\t<meta property=\"og:image:height\" content=\"941\" \/>\n\t<meta property=\"og:image:type\" content=\"image\/jpeg\" \/>\n<meta name=\"author\" content=\"admin\" \/>\n<meta name=\"twitter:card\" content=\"summary_large_image\" \/>\n<meta name=\"twitter:label1\" content=\"Escrito por\" \/>\n\t<meta name=\"twitter:data1\" content=\"admin\" \/>\n\t<meta name=\"twitter:label2\" content=\"Est. tempo de leitura\" \/>\n\t<meta name=\"twitter:data2\" content=\"6 minutos\" \/>\n<script type=\"application\/ld+json\" class=\"yoast-schema-graph\">{\"@context\":\"https:\\\/\\\/schema.org\",\"@graph\":[{\"@type\":\"Article\",\"@id\":\"https:\\\/\\\/www.jetferr.com.br\\\/blog\\\/organizador-de-freezer\\\/organizador-de-freezer-como-aproveitar-melhor-o-espaco-interno\\\/#article\",\"isPartOf\":{\"@id\":\"https:\\\/\\\/www.jetferr.com.br\\\/blog\\\/organizador-de-freezer\\\/organizador-de-freezer-como-aproveitar-melhor-o-espaco-interno\\\/\"},\"author\":{\"name\":\"admin\",\"@id\":\"https:\\\/\\\/www.jetferr.com.br\\\/blog\\\/#\\\/schema\\\/person\\\/fdb49df408125606057167b6ae6b89e4\"},\"headline\":\"Organizador de freezer: como aproveitar melhor o espa\u00e7o interno\",\"datePublished\":\"2026-08-31T12:02:25+00:00\",\"dateModified\":\"2026-08-31T12:04:40+00:00\",\"mainEntityOfPage\":{\"@id\":\"https:\\\/\\\/www.jetferr.com.br\\\/blog\\\/organizador-de-freezer\\\/organizador-de-freezer-como-aproveitar-melhor-o-espaco-interno\\\/\"},\"wordCount\":1115,\"commentCount\":0,\"publisher\":{\"@id\":\"https:\\\/\\\/www.jetferr.com.br\\\/blog\\\/#organization\"},\"image\":{\"@id\":\"https:\\\/\\\/www.jetferr.com.br\\\/blog\\\/organizador-de-freezer\\\/organizador-de-freezer-como-aproveitar-melhor-o-espaco-interno\\\/#primaryimage\"},\"thumbnailUrl\":\"https:\\\/\\\/www.jetferr.com.br\\\/blog\\\/wp-content\\\/uploads\\\/2026\\\/08\\\/ChatGPT-Image-31-de-ago.-de-2026-09_01_50.jpg\",\"keywords\":[\"a\u00e7o inox 304 vale a pena em freezer?\",\"aramados em a\u00e7o inox para freezer\",\"aramados para armazenamento de congelados\",\"aramados para refrigera\u00e7\u00e3o industrial\",\"cesto aramado para congelados\",\"cesto com divis\u00f3ria para freezer\",\"cesto de freezer resiste a baixa temperatura?\",\"cesto empilh\u00e1vel para freezer\",\"cesto para freezer\",\"cesto para freezer horizontal\",\"cesto para freezer horizontal com divis\u00f3ria existe?\",\"cesto para freezer pode ser sob medida?\",\"Cesto para freezer sob medida\",\"cesto para freezer vertical\",\"cesto para ilha de congelados\",\"como aproveitar espa\u00e7o em freezer pequeno?\",\"como dividir freezer por categoria de produto?\",\"como evitar desperd\u00edcio de alimentos congelados?\",\"como organizar c\u00e2mara fria de frigor\u00edfico?\",\"como organizar um freezer horizontal?\",\"Expositor para freezer\",\"Expositor porta pre\u00e7o para freezer\",\"freezer de supermercado precisa de expositor de pre\u00e7o?\",\"grade para freezer\",\"grade para freezer aguenta quanto peso?\",\"grade para frigor\u00edfico\",\"Grade prateleira para freezer\",\"onde comprar cesto para freezer industrial?\",\"organiza\u00e7\u00e3o de c\u00e2mara fria\",\"organiza\u00e7\u00e3o de freezer comercial\",\"organizador de freezer\",\"organizador de freezer para supermercado\",\"qual a diferen\u00e7a entre cesto e grade para freezer?\",\"qual material dura mais em freezer comercial?\",\"qual o melhor cesto para freezer?\"],\"articleSection\":[\"Organizador de freezer\"],\"inLanguage\":\"pt-BR\",\"potentialAction\":[{\"@type\":\"CommentAction\",\"name\":\"Comment\",\"target\":[\"https:\\\/\\\/www.jetferr.com.br\\\/blog\\\/organizador-de-freezer\\\/organizador-de-freezer-como-aproveitar-melhor-o-espaco-interno\\\/#respond\"]}]},{\"@type\":\"WebPage\",\"@id\":\"https:\\\/\\\/www.jetferr.com.br\\\/blog\\\/organizador-de-freezer\\\/organizador-de-freezer-como-aproveitar-melhor-o-espaco-interno\\\/\",\"url\":\"https:\\\/\\\/www.jetferr.com.br\\\/blog\\\/organizador-de-freezer\\\/organizador-de-freezer-como-aproveitar-melhor-o-espaco-interno\\\/\",\"name\":\"Organizador de freezer: como aproveitar melhor o espa\u00e7o interno\",\"isPartOf\":{\"@id\":\"https:\\\/\\\/www.jetferr.com.br\\\/blog\\\/#website\"},\"primaryImageOfPage\":{\"@id\":\"https:\\\/\\\/www.jetferr.com.br\\\/blog\\\/organizador-de-freezer\\\/organizador-de-freezer-como-aproveitar-melhor-o-espaco-interno\\\/#primaryimage\"},\"image\":{\"@id\":\"https:\\\/\\\/www.jetferr.com.br\\\/blog\\\/organizador-de-freezer\\\/organizador-de-freezer-como-aproveitar-melhor-o-espaco-interno\\\/#primaryimage\"},\"thumbnailUrl\":\"https:\\\/\\\/www.jetferr.com.br\\\/blog\\\/wp-content\\\/uploads\\\/2026\\\/08\\\/ChatGPT-Image-31-de-ago.-de-2026-09_01_50.jpg\",\"datePublished\":\"2026-08-31T12:02:25+00:00\",\"dateModified\":\"2026-08-31T12:04:40+00:00\",\"description\":\"Organizador de freezer certo eleva a capacidade \u00fatil, reduz perdas e agiliza o giro. Veja como escolher o seu.\",\"breadcrumb\":{\"@id\":\"https:\\\/\\\/www.jetferr.com.br\\\/blog\\\/organizador-de-freezer\\\/organizador-de-freezer-como-aproveitar-melhor-o-espaco-interno\\\/#breadcrumb\"},\"inLanguage\":\"pt-BR\",\"potentialAction\":[{\"@type\":\"ReadAction\",\"target\":[\"https:\\\/\\\/www.jetferr.com.br\\\/blog\\\/organizador-de-freezer\\\/organizador-de-freezer-como-aproveitar-melhor-o-espaco-interno\\\/\"]}]},{\"@type\":\"ImageObject\",\"inLanguage\":\"pt-BR\",\"@id\":\"https:\\\/\\\/www.jetferr.com.br\\\/blog\\\/organizador-de-freezer\\\/organizador-de-freezer-como-aproveitar-melhor-o-espaco-interno\\\/#primaryimage\",\"url\":\"https:\\\/\\\/www.jetferr.com.br\\\/blog\\\/wp-content\\\/uploads\\\/2026\\\/08\\\/ChatGPT-Image-31-de-ago.-de-2026-09_01_50.jpg\",\"contentUrl\":\"https:\\\/\\\/www.jetferr.com.br\\\/blog\\\/wp-content\\\/uploads\\\/2026\\\/08\\\/ChatGPT-Image-31-de-ago.-de-2026-09_01_50.jpg\",\"width\":1672,\"height\":941,\"caption\":\"Organizador de freezer: como aproveitar melhor o espa\u00e7o interno\"},{\"@type\":\"BreadcrumbList\",\"@id\":\"https:\\\/\\\/www.jetferr.com.br\\\/blog\\\/organizador-de-freezer\\\/organizador-de-freezer-como-aproveitar-melhor-o-espaco-interno\\\/#breadcrumb\",\"itemListElement\":[{\"@type\":\"ListItem\",\"position\":1,\"name\":\"In\u00edcio\",\"item\":\"https:\\\/\\\/www.jetferr.com.br\\\/blog\\\/\"},{\"@type\":\"ListItem\",\"position\":2,\"name\":\"Organizador de freezer: como aproveitar melhor o espa\u00e7o interno\"}]},{\"@type\":\"WebSite\",\"@id\":\"https:\\\/\\\/www.jetferr.com.br\\\/blog\\\/#website\",\"url\":\"https:\\\/\\\/www.jetferr.com.br\\\/blog\\\/\",\"name\":\"Jetferr\",\"description\":\"Solu\u00e7\u00f5es em Aramados\",\"publisher\":{\"@id\":\"https:\\\/\\\/www.jetferr.com.br\\\/blog\\\/#organization\"},\"potentialAction\":[{\"@type\":\"SearchAction\",\"target\":{\"@type\":\"EntryPoint\",\"urlTemplate\":\"https:\\\/\\\/www.jetferr.com.br\\\/blog\\\/?s={search_term_string}\"},\"query-input\":{\"@type\":\"PropertyValueSpecification\",\"valueRequired\":true,\"valueName\":\"search_term_string\"}}],\"inLanguage\":\"pt-BR\"},{\"@type\":\"Organization\",\"@id\":\"https:\\\/\\\/www.jetferr.com.br\\\/blog\\\/#organization\",\"name\":\"Jetferr\",\"url\":\"https:\\\/\\\/www.jetferr.com.br\\\/blog\\\/\",\"logo\":{\"@type\":\"ImageObject\",\"inLanguage\":\"pt-BR\",\"@id\":\"https:\\\/\\\/www.jetferr.com.br\\\/blog\\\/#\\\/schema\\\/logo\\\/image\\\/\",\"url\":\"https:\\\/\\\/www.jetferr.com.br\\\/blog\\\/wp-content\\\/uploads\\\/2024\\\/02\\\/logo.png\",\"contentUrl\":\"https:\\\/\\\/www.jetferr.com.br\\\/blog\\\/wp-content\\\/uploads\\\/2024\\\/02\\\/logo.png\",\"width\":5116,\"height\":1262,\"caption\":\"Jetferr\"},\"image\":{\"@id\":\"https:\\\/\\\/www.jetferr.com.br\\\/blog\\\/#\\\/schema\\\/logo\\\/image\\\/\"}},{\"@type\":\"Person\",\"@id\":\"https:\\\/\\\/www.jetferr.com.br\\\/blog\\\/#\\\/schema\\\/person\\\/fdb49df408125606057167b6ae6b89e4\",\"name\":\"admin\",\"image\":{\"@type\":\"ImageObject\",\"inLanguage\":\"pt-BR\",\"@id\":\"https:\\\/\\\/secure.gravatar.com\\\/avatar\\\/e93b0e09c568d39fb51bb3bc837bb35875be86f2ef231a93496eb0b414707787?s=96&d=mm&r=g\",\"url\":\"https:\\\/\\\/secure.gravatar.com\\\/avatar\\\/e93b0e09c568d39fb51bb3bc837bb35875be86f2ef231a93496eb0b414707787?s=96&d=mm&r=g\",\"contentUrl\":\"https:\\\/\\\/secure.gravatar.com\\\/avatar\\\/e93b0e09c568d39fb51bb3bc837bb35875be86f2ef231a93496eb0b414707787?s=96&d=mm&r=g\",\"caption\":\"admin\"},\"sameAs\":[\"https:\\\/\\\/jetferr.com.br\\\/blog\"],\"url\":\"https:\\\/\\\/www.jetferr.com.br\\\/blog\\\/author\\\/admin\\\/\"}]}<\/script>\n<!-- \/ Yoast SEO plugin. -->","yoast_head_json":{"title":"Organizador de freezer: como aproveitar melhor o espa\u00e7o interno","description":"Organizador de freezer certo eleva a capacidade \u00fatil, reduz perdas e agiliza o giro. Veja como escolher o seu.","robots":{"index":"index","follow":"follow","max-snippet":"max-snippet:-1","max-image-preview":"max-image-preview:large","max-video-preview":"max-video-preview:-1"},"canonical":"https:\/\/www.jetferr.com.br\/blog\/organizador-de-freezer\/organizador-de-freezer-como-aproveitar-melhor-o-espaco-interno\/","og_locale":"pt_BR","og_type":"article","og_title":"Organizador de freezer: como aproveitar melhor o espa\u00e7o interno","og_description":"Organizador de freezer certo eleva a capacidade \u00fatil, reduz perdas e agiliza o giro. Veja como escolher o seu.","og_url":"https:\/\/www.jetferr.com.br\/blog\/organizador-de-freezer\/organizador-de-freezer-como-aproveitar-melhor-o-espaco-interno\/","og_site_name":"Jetferr","article_published_time":"2026-08-31T12:02:25+00:00","article_modified_time":"2026-08-31T12:04:40+00:00","og_image":[{"width":1672,"height":941,"url":"https:\/\/www.jetferr.com.br\/blog\/wp-content\/uploads\/2026\/08\/ChatGPT-Image-31-de-ago.-de-2026-09_01_50.jpg","type":"image\/jpeg"}],"author":"admin","twitter_card":"summary_large_image","twitter_misc":{"Escrito por":"admin","Est. tempo de leitura":"6 minutos"},"schema":{"@context":"https:\/\/schema.org","@graph":[{"@type":"Article","@id":"https:\/\/www.jetferr.com.br\/blog\/organizador-de-freezer\/organizador-de-freezer-como-aproveitar-melhor-o-espaco-interno\/#article","isPartOf":{"@id":"https:\/\/www.jetferr.com.br\/blog\/organizador-de-freezer\/organizador-de-freezer-como-aproveitar-melhor-o-espaco-interno\/"},"author":{"name":"admin","@id":"https:\/\/www.jetferr.com.br\/blog\/#\/schema\/person\/fdb49df408125606057167b6ae6b89e4"},"headline":"Organizador de freezer: como aproveitar melhor o espa\u00e7o interno","datePublished":"2026-08-31T12:02:25+00:00","dateModified":"2026-08-31T12:04:40+00:00","mainEntityOfPage":{"@id":"https:\/\/www.jetferr.com.br\/blog\/organizador-de-freezer\/organizador-de-freezer-como-aproveitar-melhor-o-espaco-interno\/"},"wordCount":1115,"commentCount":0,"publisher":{"@id":"https:\/\/www.jetferr.com.br\/blog\/#organization"},"image":{"@id":"https:\/\/www.jetferr.com.br\/blog\/organizador-de-freezer\/organizador-de-freezer-como-aproveitar-melhor-o-espaco-interno\/#primaryimage"},"thumbnailUrl":"https:\/\/www.jetferr.com.br\/blog\/wp-content\/uploads\/2026\/08\/ChatGPT-Image-31-de-ago.-de-2026-09_01_50.jpg","keywords":["a\u00e7o inox 304 vale a pena em freezer?","aramados em a\u00e7o inox para freezer","aramados para armazenamento de congelados","aramados para refrigera\u00e7\u00e3o industrial","cesto aramado para congelados","cesto com divis\u00f3ria para freezer","cesto de freezer resiste a baixa temperatura?","cesto empilh\u00e1vel para freezer","cesto para freezer","cesto para freezer horizontal","cesto para freezer horizontal com divis\u00f3ria existe?","cesto para freezer pode ser sob medida?","Cesto para freezer sob medida","cesto para freezer vertical","cesto para ilha de congelados","como aproveitar espa\u00e7o em freezer pequeno?","como dividir freezer por categoria de produto?","como evitar desperd\u00edcio de alimentos congelados?","como organizar c\u00e2mara fria de frigor\u00edfico?","como organizar um freezer horizontal?","Expositor para freezer","Expositor porta pre\u00e7o para freezer","freezer de supermercado precisa de expositor de pre\u00e7o?","grade para freezer","grade para freezer aguenta quanto peso?","grade para frigor\u00edfico","Grade prateleira para freezer","onde comprar cesto para freezer industrial?","organiza\u00e7\u00e3o de c\u00e2mara fria","organiza\u00e7\u00e3o de freezer comercial","organizador de freezer","organizador de freezer para supermercado","qual a diferen\u00e7a entre cesto e grade para freezer?","qual material dura mais em freezer comercial?","qual o melhor cesto para freezer?"],"articleSection":["Organizador de freezer"],"inLanguage":"pt-BR","potentialAction":[{"@type":"CommentAction","name":"Comment","target":["https:\/\/www.jetferr.com.br\/blog\/organizador-de-freezer\/organizador-de-freezer-como-aproveitar-melhor-o-espaco-interno\/#respond"]}]},{"@type":"WebPage","@id":"https:\/\/www.jetferr.com.br\/blog\/organizador-de-freezer\/organizador-de-freezer-como-aproveitar-melhor-o-espaco-interno\/","url":"https:\/\/www.jetferr.com.br\/blog\/organizador-de-freezer\/organizador-de-freezer-como-aproveitar-melhor-o-espaco-interno\/","name":"Organizador de freezer: como aproveitar melhor o espa\u00e7o interno","isPartOf":{"@id":"https:\/\/www.jetferr.com.br\/blog\/#website"},"primaryImageOfPage":{"@id":"https:\/\/www.jetferr.com.br\/blog\/organizador-de-freezer\/organizador-de-freezer-como-aproveitar-melhor-o-espaco-interno\/#primaryimage"},"image":{"@id":"https:\/\/www.jetferr.com.br\/blog\/organizador-de-freezer\/organizador-de-freezer-como-aproveitar-melhor-o-espaco-interno\/#primaryimage"},"thumbnailUrl":"https:\/\/www.jetferr.com.br\/blog\/wp-content\/uploads\/2026\/08\/ChatGPT-Image-31-de-ago.-de-2026-09_01_50.jpg","datePublished":"2026-08-31T12:02:25+00:00","dateModified":"2026-08-31T12:04:40+00:00","description":"Organizador de freezer certo eleva a capacidade \u00fatil, reduz perdas e agiliza o giro. Veja como escolher o seu.","breadcrumb":{"@id":"https:\/\/www.jetferr.com.br\/blog\/organizador-de-freezer\/organizador-de-freezer-como-aproveitar-melhor-o-espaco-interno\/#breadcrumb"},"inLanguage":"pt-BR","potentialAction":[{"@type":"ReadAction","target":["https:\/\/www.jetferr.com.br\/blog\/organizador-de-freezer\/organizador-de-freezer-como-aproveitar-melhor-o-espaco-interno\/"]}]},{"@type":"ImageObject","inLanguage":"pt-BR","@id":"https:\/\/www.jetferr.com.br\/blog\/organizador-de-freezer\/organizador-de-freezer-como-aproveitar-melhor-o-espaco-interno\/#primaryimage","url":"https:\/\/www.jetferr.com.br\/blog\/wp-content\/uploads\/2026\/08\/ChatGPT-Image-31-de-ago.-de-2026-09_01_50.jpg","contentUrl":"https:\/\/www.jetferr.com.br\/blog\/wp-content\/uploads\/2026\/08\/ChatGPT-Image-31-de-ago.-de-2026-09_01_50.jpg","width":1672,"height":941,"caption":"Organizador de freezer: como aproveitar melhor o espa\u00e7o interno"},{"@type":"BreadcrumbList","@id":"https:\/\/www.jetferr.com.br\/blog\/organizador-de-freezer\/organizador-de-freezer-como-aproveitar-melhor-o-espaco-interno\/#breadcrumb","itemListElement":[{"@type":"ListItem","position":1,"name":"In\u00edcio","item":"https:\/\/www.jetferr.com.br\/blog\/"},{"@type":"ListItem","position":2,"name":"Organizador de freezer: como aproveitar melhor o espa\u00e7o interno"}]},{"@type":"WebSite","@id":"https:\/\/www.jetferr.com.br\/blog\/#website","url":"https:\/\/www.jetferr.com.br\/blog\/","name":"Jetferr","description":"Solu\u00e7\u00f5es em Aramados","publisher":{"@id":"https:\/\/www.jetferr.com.br\/blog\/#organization"},"potentialAction":[{"@type":"SearchAction","target":{"@type":"EntryPoint","urlTemplate":"https:\/\/www.jetferr.com.br\/blog\/?s={search_term_string}"},"query-input":{"@type":"PropertyValueSpecification","valueRequired":true,"valueName":"search_term_string"}}],"inLanguage":"pt-BR"},{"@type":"Organization","@id":"https:\/\/www.jetferr.com.br\/blog\/#organization","name":"Jetferr","url":"https:\/\/www.jetferr.com.br\/blog\/","logo":{"@type":"ImageObject","inLanguage":"pt-BR","@id":"https:\/\/www.jetferr.com.br\/blog\/#\/schema\/logo\/image\/","url":"https:\/\/www.jetferr.com.br\/blog\/wp-content\/uploads\/2024\/02\/logo.png","contentUrl":"https:\/\/www.jetferr.com.br\/blog\/wp-content\/uploads\/2024\/02\/logo.png","width":5116,"height":1262,"caption":"Jetferr"},"image":{"@id":"https:\/\/www.jetferr.com.br\/blog\/#\/schema\/logo\/image\/"}},{"@type":"Person","@id":"https:\/\/www.jetferr.com.br\/blog\/#\/schema\/person\/fdb49df408125606057167b6ae6b89e4","name":"admin","image":{"@type":"ImageObject","inLanguage":"pt-BR","@id":"https:\/\/secure.gravatar.com\/avatar\/e93b0e09c568d39fb51bb3bc837bb35875be86f2ef231a93496eb0b414707787?s=96&d=mm&r=g","url":"https:\/\/secure.gravatar.com\/avatar\/e93b0e09c568d39fb51bb3bc837bb35875be86f2ef231a93496eb0b414707787?s=96&d=mm&r=g","contentUrl":"https:\/\/secure.gravatar.com\/avatar\/e93b0e09c568d39fb51bb3bc837bb35875be86f2ef231a93496eb0b414707787?s=96&d=mm&r=g","caption":"admin"},"sameAs":["https:\/\/jetferr.com.br\/blog"],"url":"https:\/\/www.jetferr.com.br\/blog\/author\/admin\/"}]}},"modified_by":"admin","_links":{"self":[{"href":"https:\/\/www.jetferr.com.br\/blog\/wp-json\/wp\/v2\/posts\/1479","targetHints":{"allow":["GET"]}}],"collection":[{"href":"https:\/\/www.jetferr.com.br\/blog\/wp-json\/wp\/v2\/posts"}],"about":[{"href":"https:\/\/www.jetferr.com.br\/blog\/wp-json\/wp\/v2\/types\/post"}],"author":[{"embeddable":true,"href":"https:\/\/www.jetferr.com.br\/blog\/wp-json\/wp\/v2\/users\/1"}],"replies":[{"embeddable":true,"href":"https:\/\/www.jetferr.com.br\/blog\/wp-json\/wp\/v2\/comments?post=1479"}],"version-history":[{"count":1,"href":"https:\/\/www.jetferr.com.br\/blog\/wp-json\/wp\/v2\/posts\/1479\/revisions"}],"predecessor-version":[{"id":1481,"href":"https:\/\/www.jetferr.com.br\/blog\/wp-json\/wp\/v2\/posts\/1479\/revisions\/1481"}],"wp:featuredmedia":[{"embeddable":true,"href":"https:\/\/www.jetferr.com.br\/blog\/wp-json\/wp\/v2\/media\/1480"}],"wp:attachment":[{"href":"https:\/\/www.jetferr.com.br\/blog\/wp-json\/wp\/v2\/media?parent=1479"}],"wp:term":[{"taxonomy":"category","embeddable":true,"href":"https:\/\/www.jetferr.com.br\/blog\/wp-json\/wp\/v2\/categories?post=1479"},{"taxonomy":"post_tag","embeddable":true,"href":"https:\/\/www.jetferr.com.br\/blog\/wp-json\/wp\/v2\/tags?post=1479"}],"curies":[{"name":"wp","href":"https:\/\/api.w.org\/{rel}","templated":true}]}}